{"id":16742,"date":"2013-10-14T13:30:24","date_gmt":"2013-10-14T12:30:24","guid":{"rendered":"https:\/\/www.fbt-avocats.ch\/marketing-vente-de-fonds-de-placement-gerants-independants-situez\/"},"modified":"2019-09-13T14:23:23","modified_gmt":"2019-09-13T13:23:23","slug":"marketing-vente-de-fonds-de-placement-gerants-independants-situez","status":"publish","type":"post","link":"https:\/\/www.fbt-avocats.ch\/en\/marketing-vente-de-fonds-de-placement-gerants-independants-situez\/","title":{"rendered":"Marketing et vente de fonds de placement : g\u00e9rants ind\u00e9pendants o\u00f9 vous situez-vous ?"},"content":{"rendered":"<div class=\"flex_column av_one_full  flex_column_div av-zero-column-padding first  avia-builder-el-0  avia-builder-el-no-sibling  \" style='border-radius:0px; '><p><div style='padding-bottom:10px; ' class='av-special-heading av-special-heading-h2  blockquote modern-quote  avia-builder-el-1  el_before_av_hr  avia-builder-el-first  '><h2 class='av-special-heading-tag '  itemprop=\"headline\"  >Marketing et vente de fonds de placement : g\u00e9rants ind\u00e9pendants o\u00f9 vous situez-vous ?<\/h2><div class ='av-subheading av-subheading_below  ' style='font-size:15px;'><p>InvestNews &#8211; septembre 2013<br \/>\nFr\u00e9d\u00e9rique Bensahel, Michel Abt<\/p>\n<\/div><div class='special-heading-border'><div class='special-heading-inner-border' ><\/div><\/div><\/div><br \/>\n<div style='height:20px' class='hr hr-invisible   avia-builder-el-2  el_after_av_heading  el_before_av_textblock '><span class='hr-inner ' ><span class='hr-inner-style'><\/span><\/span><\/div><br \/>\n<section class=\"av_textblock_section \"  itemscope=\"itemscope\" itemtype=\"https:\/\/schema.org\/BlogPosting\" itemprop=\"blogPost\" ><div class='avia_textblock  '   itemprop=\"text\" ><div data-canvas-width=\"431.1431666666666\">\n<div data-canvas-width=\"350.428919217475\">Alors que la Loi f\u00e9d\u00e9rale sur les placements collectifs de capitaux r\u00e9vis\u00e9e (LPCC) et son ordonnance d\u2019application (OPCC) sont entr\u00e9es en vigueur le 1er mars 2013 et qu\u2019\u00e0 l\u2019heure o\u00f9 nous \u00e9crivons ces lignes la circulaire FINMA sur la distribution est toujours \u00e0 l\u2019\u00e9tat de projet, les g\u00e9rants ind\u00e9pendants, les conseillers en placement et nombre d\u2019autres intervenants du march\u00e9 des fonds de placement en Suisse et \u00e0 l\u2019\u00e9tranger cherchent leur voie sur la mani\u00e8re de promouvoir et de vendre des fonds de placement sur le march\u00e9 suisse.<\/div>\n<\/div>\n<\/div><\/section><br \/>\n<div style='height:20px' class='hr hr-invisible   avia-builder-el-4  el_after_av_textblock  el_before_av_button '><span class='hr-inner ' ><span class='hr-inner-style'><\/span><\/span><\/div><br \/>\n<div class='avia-button-wrap avia-button-left  avia-builder-el-5  el_after_av_hr  avia-builder-el-last '><a href='http:\/\/fbt-avocats.ch\/wp-content\/uploads\/2016\/06\/p.028-030-FBT_Avocats.pdf'  class='avia-button   avia-icon_select-no avia-color-custom avia-size-large avia-position-left '  target=\"_blank\"  style='background-color:#44525f; border-color:#44525f; color:#ffffff; ' ><span class='avia_iconbox_title' >Lire la suite<\/span><\/a><\/div><\/p><\/div>\n","protected":false},"excerpt":{"rendered":"","protected":false},"author":2,"featured_media":1372,"comment_status":"closed","ping_status":"closed","sticky":false,"template":"","format":"standard","meta":{"footnotes":""},"categories":[85],"tags":[],"datespeciale":[],"yst_prominent_words":[],"class_list":["post-16742","post","type-post","status-publish","format-standard","has-post-thumbnail","hentry","category-publications","competences-banking-and-finance","auteurs-frederique-bensahel-en","auteurs-michel-abt-en","date-publication-2013-en","diffusion-publications-en"],"_links":{"self":[{"href":"https:\/\/www.fbt-avocats.ch\/en\/wp-json\/wp\/v2\/posts\/16742","targetHints":{"allow":["GET"]}}],"collection":[{"href":"https:\/\/www.fbt-avocats.ch\/en\/wp-json\/wp\/v2\/posts"}],"about":[{"href":"https:\/\/www.fbt-avocats.ch\/en\/wp-json\/wp\/v2\/types\/post"}],"author":[{"embeddable":true,"href":"https:\/\/www.fbt-avocats.ch\/en\/wp-json\/wp\/v2\/users\/2"}],"replies":[{"embeddable":true,"href":"https:\/\/www.fbt-avocats.ch\/en\/wp-json\/wp\/v2\/comments?post=16742"}],"version-history":[{"count":0,"href":"https:\/\/www.fbt-avocats.ch\/en\/wp-json\/wp\/v2\/posts\/16742\/revisions"}],"wp:featuredmedia":[{"embeddable":true,"href":"https:\/\/www.fbt-avocats.ch\/en\/wp-json\/wp\/v2\/media\/1372"}],"wp:attachment":[{"href":"https:\/\/www.fbt-avocats.ch\/en\/wp-json\/wp\/v2\/media?parent=16742"}],"wp:term":[{"taxonomy":"category","embeddable":true,"href":"https:\/\/www.fbt-avocats.ch\/en\/wp-json\/wp\/v2\/categories?post=16742"},{"taxonomy":"post_tag","embeddable":true,"href":"https:\/\/www.fbt-avocats.ch\/en\/wp-json\/wp\/v2\/tags?post=16742"},{"taxonomy":"datespeciale","embeddable":true,"href":"https:\/\/www.fbt-avocats.ch\/en\/wp-json\/wp\/v2\/datespeciale?post=16742"},{"taxonomy":"yst_prominent_words","embeddable":true,"href":"https:\/\/www.fbt-avocats.ch\/en\/wp-json\/wp\/v2\/yst_prominent_words?post=16742"}],"curies":[{"name":"wp","href":"https:\/\/api.w.org\/{rel}","templated":true}]}}