{"id":19398,"date":"2020-04-21T09:33:21","date_gmt":"2020-04-21T08:33:21","guid":{"rendered":"https:\/\/www.fbt-avocats.ch\/le-droit-de-lemployeur-dimposer-des-vacances\/"},"modified":"2022-05-16T16:13:20","modified_gmt":"2022-05-16T15:13:20","slug":"le-droit-de-lemployeur-dimposer-des-vacances","status":"publish","type":"post","link":"https:\/\/www.fbt-avocats.ch\/en\/le-droit-de-lemployeur-dimposer-des-vacances\/","title":{"rendered":"Le droit de l&#8217;employeur d&#8217;imposer des vacances"},"content":{"rendered":"<section class=\"av_textblock_section \"  itemscope=\"itemscope\" itemtype=\"https:\/\/schema.org\/BlogPosting\" itemprop=\"blogPost\" ><div class='avia_textblock  '   itemprop=\"text\" ><\/div><\/section>\n<div class=\"flex_column av_one_full  flex_column_div av-zero-column-padding first  avia-builder-el-1  el_after_av_textblock  avia-builder-el-last  column-top-margin\" style='border-radius:0px; '><p><div style='padding-bottom:10px; font-size:26px;' class='av-special-heading av-special-heading-h1  blockquote modern-quote  avia-builder-el-2  el_before_av_hr  avia-builder-el-first   av-inherit-size '><h1 class='av-special-heading-tag '  itemprop=\"headline\"  >Le droit de l\u2018employeur d\u2019imposer des vacances<\/h1><div class ='av-subheading av-subheading_below  ' style='font-size:15px;'><p>FBT Avocats \u2013 Avril 2020<br \/>\nSerge Fasel, Th\u00e9o Goetschin, Charlotte Andrey<\/p>\n<\/div><div class='special-heading-border'><div class='special-heading-inner-border' ><\/div><\/div><\/div><br \/>\n<div style='height:20px' class='hr hr-invisible   avia-builder-el-3  el_after_av_heading  el_before_av_textblock '><span class='hr-inner ' ><span class='hr-inner-style'><\/span><\/span><\/div><br \/>\n<section class=\"av_textblock_section \"  itemscope=\"itemscope\" itemtype=\"https:\/\/schema.org\/BlogPosting\" itemprop=\"blogPost\" ><div class='avia_textblock  '   itemprop=\"text\" ><div data-canvas-width=\"431.1431666666666\">\n<div class=\"textLayer\">\n<div data-canvas-width=\"318.9300803304\">\n<p><strong>La crise sanitaire actuelle a rarement autant d\u00e9cha\u00een\u00e9 les d\u00e9bats doctrinaux qu\u2019\u00e0 ce jour. Pour donner du cr\u00e9dit \u00e0 leurs opinions, certains auteurs tentent de d\u00e9stabiliser des institutions qui permettent de conserver un \u00e9quilibre fragile dans les relations entre employ\u00e9s et employeurs.<br \/>\n<\/strong>Il n\u2019est pas question ici de mettre en doute la n\u00e9cessit\u00e9 de la protection des droits fondamentaux dont b\u00e9n\u00e9ficie le salari\u00e9, puisque par d\u00e9finition ceux-ci sont essentiels \u00e0 l\u2019\u00e9quilibre socio-\u00e9conomique de notre Pays. Alors que la crise sanitaire provoque une d\u00e9stabilisation g\u00e9n\u00e9ralis\u00e9e de nos institutions et fait appara\u00eetre le spectre d\u2019une r\u00e9cession, l\u2019inqui\u00e9tude des auteurs de la pr\u00e9sente publication est dirig\u00e9e vers la mise en p\u00e9ril des institutions qui offrent \u00e0 l\u2019employeur des outils essentiels pour pr\u00e9server l\u2019entreprise et donc les emplois.<\/p>\n<\/div>\n<div data-canvas-width=\"318.9300803304\"><\/div>\n<div data-canvas-width=\"318.9300803304\"><\/div>\n<div data-canvas-width=\"318.9300803304\"><\/div>\n<div data-canvas-width=\"318.9300803304\"><\/div>\n<div data-canvas-width=\"318.9300803304\"><\/div>\n<div data-canvas-width=\"318.9300803304\"><\/div>\n<div data-canvas-width=\"318.9300803304\"><\/div>\n<div data-canvas-width=\"318.9300803304\"><\/div>\n<div data-canvas-width=\"318.9300803304\"><\/div>\n<\/div>\n<\/div>\n<\/div><\/section><br \/>\n<div style='height:20px' class='hr hr-invisible   avia-builder-el-5  el_after_av_textblock  el_before_av_button '><span class='hr-inner ' ><span class='hr-inner-style'><\/span><\/span><\/div><br \/>\n<div class='avia-button-wrap avia-button-left  avia-builder-el-6  el_after_av_hr  avia-builder-el-last  '><a href='https:\/\/www.fbt-avocats.ch\/wp-content\/uploads\/2020\/04\/Le-droit-de-lemployeur-dimposer-des-vacances-Me-Serge-Fasel-Me-Charlotte-Andrey-et-Me-Th\u00e9o-Goetschin.pdf'  class='avia-button   avia-icon_select-no avia-color-custom avia-size-large avia-position-left '  target=\"_blank\"  style='background-color:#44525f; border-color:#44525f; color:#ffffff; ' ><span class='avia_iconbox_title' >Lire la suite<\/span><\/a><\/div><\/p><\/div>\n","protected":false},"excerpt":{"rendered":"","protected":false},"author":18,"featured_media":0,"comment_status":"closed","ping_status":"closed","sticky":false,"template":"","format":"standard","meta":{"footnotes":""},"categories":[85],"tags":[],"datespeciale":[],"yst_prominent_words":[],"class_list":["post-19398","post","type-post","status-publish","format-standard","hentry","category-publications","competences-litigation-and-arbitration","auteurs-charlotte-andrey-en","auteurs-serge-fasel-en","auteurs-theo-goetschin-en","date-publication-2020-en","diffusion-publications-en"],"_links":{"self":[{"href":"https:\/\/www.fbt-avocats.ch\/en\/wp-json\/wp\/v2\/posts\/19398","targetHints":{"allow":["GET"]}}],"collection":[{"href":"https:\/\/www.fbt-avocats.ch\/en\/wp-json\/wp\/v2\/posts"}],"about":[{"href":"https:\/\/www.fbt-avocats.ch\/en\/wp-json\/wp\/v2\/types\/post"}],"author":[{"embeddable":true,"href":"https:\/\/www.fbt-avocats.ch\/en\/wp-json\/wp\/v2\/users\/18"}],"replies":[{"embeddable":true,"href":"https:\/\/www.fbt-avocats.ch\/en\/wp-json\/wp\/v2\/comments?post=19398"}],"version-history":[{"count":0,"href":"https:\/\/www.fbt-avocats.ch\/en\/wp-json\/wp\/v2\/posts\/19398\/revisions"}],"wp:attachment":[{"href":"https:\/\/www.fbt-avocats.ch\/en\/wp-json\/wp\/v2\/media?parent=19398"}],"wp:term":[{"taxonomy":"category","embeddable":true,"href":"https:\/\/www.fbt-avocats.ch\/en\/wp-json\/wp\/v2\/categories?post=19398"},{"taxonomy":"post_tag","embeddable":true,"href":"https:\/\/www.fbt-avocats.ch\/en\/wp-json\/wp\/v2\/tags?post=19398"},{"taxonomy":"datespeciale","embeddable":true,"href":"https:\/\/www.fbt-avocats.ch\/en\/wp-json\/wp\/v2\/datespeciale?post=19398"},{"taxonomy":"yst_prominent_words","embeddable":true,"href":"https:\/\/www.fbt-avocats.ch\/en\/wp-json\/wp\/v2\/yst_prominent_words?post=19398"}],"curies":[{"name":"wp","href":"https:\/\/api.w.org\/{rel}","templated":true}]}}