{"id":19747,"date":"2020-06-09T16:53:21","date_gmt":"2020-06-09T15:53:21","guid":{"rendered":"https:\/\/www.fbt-avocats.ch\/assemblees-generales-et-covid-le-point-sur-les-regles-actuelles\/"},"modified":"2025-10-20T10:32:25","modified_gmt":"2025-10-20T09:32:25","slug":"assemblees-generales-et-covid-le-point-sur-les-regles-actuelles","status":"publish","type":"post","link":"https:\/\/www.fbt-avocats.ch\/en\/assemblees-generales-et-covid-le-point-sur-les-regles-actuelles\/","title":{"rendered":"Assembl\u00e9es g\u00e9n\u00e9rales et COVID: le point sur les r\u00e8gles actuelles"},"content":{"rendered":"<section class=\"av_textblock_section \"  itemscope=\"itemscope\" itemtype=\"https:\/\/schema.org\/BlogPosting\" itemprop=\"blogPost\" ><div class='avia_textblock  '   itemprop=\"text\" ><\/div><\/section>\n<div class=\"flex_column av_one_full  flex_column_div av-zero-column-padding first  avia-builder-el-1  el_after_av_textblock  avia-builder-el-last  column-top-margin\" style='border-radius:0px; '><p><div style='padding-bottom:10px; font-size:26px;' class='av-special-heading av-special-heading-h1  blockquote modern-quote  avia-builder-el-2  el_before_av_hr  avia-builder-el-first   av-inherit-size '><h1 class='av-special-heading-tag '  itemprop=\"headline\"  >Assembl\u00e9es g\u00e9n\u00e9rales et COVID: le point sur les r\u00e8gles actuelles<\/h1><div class ='av-subheading av-subheading_below  ' style='font-size:15px;'><p>Allnews \u2013 Juin 2020<br \/>\nMarco Villa et Julien Le Fort<\/p>\n<\/div><div class='special-heading-border'><div class='special-heading-inner-border' ><\/div><\/div><\/div><br \/>\n<div style='height:20px' class='hr hr-invisible   avia-builder-el-3  el_after_av_heading  el_before_av_textblock '><span class='hr-inner ' ><span class='hr-inner-style'><\/span><\/span><\/div><br \/>\n<section class=\"av_textblock_section \"  itemscope=\"itemscope\" itemtype=\"https:\/\/schema.org\/BlogPosting\" itemprop=\"blogPost\" ><div class='avia_textblock  '   itemprop=\"text\" ><div data-canvas-width=\"431.1431666666666\">\n<div class=\"textLayer\">\n<div data-canvas-width=\"318.9300803304\">\n<p><strong>Clarification sur les r\u00e8gles applicables aux assembl\u00e9es g\u00e9n\u00e9rales dans le contexte de\u00a0<\/strong><strong>l\u2019assouplissement des r\u00e8gles COVID-19.<\/strong><\/p>\n<p><strong>\u00a0<\/strong>Le droit suisse requiert la pr\u00e9sence physique des participants \u00e0 l\u2019assembl\u00e9e g\u00e9n\u00e9rale de la soci\u00e9t\u00e9.\u00a0En effet, une assembl\u00e9e g\u00e9n\u00e9rale (p.ex. d\u2019une soci\u00e9t\u00e9 anonyme) ne peut pas prendre de d\u00e9cision par\u00a0voie de circulation.<\/p>\n<p>Dans le cadre de la crise sanitaire, le Conseil f\u00e9d\u00e9ral a interdit les rassemblements de personnes.\u00a0Pour permettre aux soci\u00e9t\u00e9s de tenir n\u00e9anmoins leurs assembl\u00e9es, il a pr\u00e9vu des r\u00e8gles d\u00e9rogatoires\u00a0temporaires. Le 27 mai 2020, vu l\u2019\u00e9volution favorable de la situation sanitaire, le Conseil f\u00e9d\u00e9ral a fortement assoupli les mesures li\u00e9es \u00e0 la crise sanitaire. Il a \u00e9galement fait \u00e9voluer les r\u00e8gles\u00a0relatives aux assembl\u00e9es.<\/p>\n<\/div>\n<div data-canvas-width=\"318.9300803304\"><\/div>\n<div data-canvas-width=\"318.9300803304\"><\/div>\n<div data-canvas-width=\"318.9300803304\"><\/div>\n<div data-canvas-width=\"318.9300803304\"><\/div>\n<div data-canvas-width=\"318.9300803304\"><\/div>\n<div data-canvas-width=\"318.9300803304\"><\/div>\n<div data-canvas-width=\"318.9300803304\"><\/div>\n<div data-canvas-width=\"318.9300803304\"><\/div>\n<div data-canvas-width=\"318.9300803304\"><\/div>\n<\/div>\n<\/div>\n<\/div><\/section><br \/>\n<div style='height:20px' class='hr hr-invisible   avia-builder-el-5  el_after_av_textblock  el_before_av_button '><span class='hr-inner ' ><span class='hr-inner-style'><\/span><\/span><\/div><br \/>\n<div class='avia-button-wrap avia-button-left  avia-builder-el-6  el_after_av_hr  avia-builder-el-last  '><a href='https:\/\/www.fbt-avocats.ch\/wp-content\/uploads\/2020\/06\/Assembl\u00e9es-g\u00e9n\u00e9rales-et-COVID_-le-point-sur-les-r\u00e8gles-actuelles-_-Allnews.pdf'  class='avia-button   avia-icon_select-no avia-color-custom avia-size-large avia-position-left '  target=\"_blank\"  style='background-color:#44525f; border-color:#44525f; color:#ffffff; ' ><span class='avia_iconbox_title' >Lire la suite<\/span><\/a><\/div><\/p><\/div>\n","protected":false},"excerpt":{"rendered":"","protected":false},"author":18,"featured_media":0,"comment_status":"closed","ping_status":"closed","sticky":false,"template":"","format":"standard","meta":{"footnotes":""},"categories":[84],"tags":[560],"datespeciale":[],"yst_prominent_words":[],"class_list":["post-19747","post","type-post","status-publish","format-standard","hentry","category-media-and-news","tag-allnews-en","competences-corporate-and-commercial","auteurs-julien-le-fort-en","auteurs-marco-villa-en","date-publication-2020-en","diffusion-groupe-societes-et-contrats-en","diffusion-medias-en"],"_links":{"self":[{"href":"https:\/\/www.fbt-avocats.ch\/en\/wp-json\/wp\/v2\/posts\/19747","targetHints":{"allow":["GET"]}}],"collection":[{"href":"https:\/\/www.fbt-avocats.ch\/en\/wp-json\/wp\/v2\/posts"}],"about":[{"href":"https:\/\/www.fbt-avocats.ch\/en\/wp-json\/wp\/v2\/types\/post"}],"author":[{"embeddable":true,"href":"https:\/\/www.fbt-avocats.ch\/en\/wp-json\/wp\/v2\/users\/18"}],"replies":[{"embeddable":true,"href":"https:\/\/www.fbt-avocats.ch\/en\/wp-json\/wp\/v2\/comments?post=19747"}],"version-history":[{"count":0,"href":"https:\/\/www.fbt-avocats.ch\/en\/wp-json\/wp\/v2\/posts\/19747\/revisions"}],"wp:attachment":[{"href":"https:\/\/www.fbt-avocats.ch\/en\/wp-json\/wp\/v2\/media?parent=19747"}],"wp:term":[{"taxonomy":"category","embeddable":true,"href":"https:\/\/www.fbt-avocats.ch\/en\/wp-json\/wp\/v2\/categories?post=19747"},{"taxonomy":"post_tag","embeddable":true,"href":"https:\/\/www.fbt-avocats.ch\/en\/wp-json\/wp\/v2\/tags?post=19747"},{"taxonomy":"datespeciale","embeddable":true,"href":"https:\/\/www.fbt-avocats.ch\/en\/wp-json\/wp\/v2\/datespeciale?post=19747"},{"taxonomy":"yst_prominent_words","embeddable":true,"href":"https:\/\/www.fbt-avocats.ch\/en\/wp-json\/wp\/v2\/yst_prominent_words?post=19747"}],"curies":[{"name":"wp","href":"https:\/\/api.w.org\/{rel}","templated":true}]}}